{"id":13413,"date":"2024-12-13T14:49:44","date_gmt":"2024-12-13T14:49:44","guid":{"rendered":"https:\/\/www.ahvillaglori.com\/?p=13413"},"modified":"2025-01-22T15:14:20","modified_gmt":"2025-01-22T15:14:20","slug":"casa-del-mantegna","status":"publish","type":"post","link":"https:\/\/ahvirgilio.com\/it\/casa-del-mantegna\/","title":{"rendered":"Casa del Mantegna &#8211; Mantova"},"content":{"rendered":"<p>La Casa del Mantegna \u00e8 un edificio quattrocentesco che Andrea Mantegna costru\u00ec e utilizz\u00f2 a Mantova, probabilmente come casa e studio. Il Mantegna si trasfer\u00ec a Mantova quando il marchese Ludovico III Gonzaga lo nomin\u00f2 pittore di corte. Oggi l&#8217;edificio \u00e8 adibito a luogo di esposizioni temporanee ed \u00e8 la sede ufficiale del settore culturale della Provincia di Mantova.<br \/>\n&gt; <a href=\"https:\/\/www.casadelmantegna.it\" target=\"_blank\" rel=\"noopener\">Scopri la casa del Mantegna<\/a><\/p>\n","protected":false},"excerpt":{"rendered":"<p>La Casa del Mantegna \u00e8 un edificio quattrocentesco che Andrea Mantegna costru\u00ec e utilizz\u00f2 a Mantova, probabilmente come casa e studio. Il Mantegna si trasfer\u00ec a Mantova quando il marchese Ludovico III Gonzaga lo nomin\u00f2 pittore di corte. Oggi l&#8217;edificio \u00e8 adibito a luogo di esposizioni temporanee ed \u00e8 la sede ufficiale del settore culturale [&hellip;]<\/p>\n","protected":false},"author":3,"featured_media":19425,"comment_status":"closed","ping_status":"closed","sticky":false,"template":"","format":"standard","meta":{"inline_featured_image":false,"footnotes":""},"categories":[49],"tags":[],"class_list":["post-13413","post","type-post","status-publish","format-standard","has-post-thumbnail","hentry","category-esperienze"],"_links":{"self":[{"href":"https:\/\/ahvirgilio.com\/it\/wp-json\/wp\/v2\/posts\/13413"}],"collection":[{"href":"https:\/\/ahvirgilio.com\/it\/wp-json\/wp\/v2\/posts"}],"about":[{"href":"https:\/\/ahvirgilio.com\/it\/wp-json\/wp\/v2\/types\/post"}],"author":[{"embeddable":true,"href":"https:\/\/ahvirgilio.com\/it\/wp-json\/wp\/v2\/users\/3"}],"replies":[{"embeddable":true,"href":"https:\/\/ahvirgilio.com\/it\/wp-json\/wp\/v2\/comments?post=13413"}],"version-history":[{"count":5,"href":"https:\/\/ahvirgilio.com\/it\/wp-json\/wp\/v2\/posts\/13413\/revisions"}],"predecessor-version":[{"id":19574,"href":"https:\/\/ahvirgilio.com\/it\/wp-json\/wp\/v2\/posts\/13413\/revisions\/19574"}],"wp:featuredmedia":[{"embeddable":true,"href":"https:\/\/ahvirgilio.com\/it\/wp-json\/wp\/v2\/media\/19425"}],"wp:attachment":[{"href":"https:\/\/ahvirgilio.com\/it\/wp-json\/wp\/v2\/media?parent=13413"}],"wp:term":[{"taxonomy":"category","embeddable":true,"href":"https:\/\/ahvirgilio.com\/it\/wp-json\/wp\/v2\/categories?post=13413"},{"taxonomy":"post_tag","embeddable":true,"href":"https:\/\/ahvirgilio.com\/it\/wp-json\/wp\/v2\/tags?post=13413"}],"curies":[{"name":"wp","href":"https:\/\/api.w.org\/{rel}","templated":true}]}}